{"id":1662,"date":"2011-02-25T12:00:00","date_gmt":"2011-02-25T12:00:00","guid":{"rendered":"https:\/\/www.dpg-sachsen-anhalt.de\/?p=1662"},"modified":"2020-08-18T17:59:33","modified_gmt":"2020-08-18T15:59:33","slug":"abschlusskonzert-der-chopin-tage-in-sachsen-anhalt","status":"publish","type":"post","link":"https:\/\/www.dpg-sachsen-anhalt.de\/?p=1662","title":{"rendered":"Abschlusskonzert der Chopin &#8211; Tage in Sachsen \u2013 Anhalt"},"content":{"rendered":"\n<h4 class=\"wp-block-heading\">25.02.2011: Abschlusskonzert der Chopin \u2013 Tage in Sachsen \u2013 Anhalt fand am 24. Februar 2011 in der Landesvertretung Br\u00fcssel statt.<\/h4>\n\n\n\n<p><br> Nach den erfolgreichen Veranstaltungen in Lutherstadt Eisleben, Salzwedel, in Sta\u00dffurt und Wiederstedt fanden die Chopin-Tage Sachsen-Anhalt <b>am 24. Februar 2011 mit einem feierlichen Klavierkonzert in der Vertretung des Landes Sachsen \u2013 Anhalt bei der EU in Br\u00fcssel<\/b> ihren Abschluss. Der international bekannte Pianist Prof. Piotr Oczkowski spielte Werke aus dem reichen Schaffen des in Polen geborenen  Komponisten Fryderyk Chopin.\n<br> Zum Abschlusskonzert wurden  in der Landesvertretung in Br\u00fcssel \u00fcber 250 G\u00e4ste begr\u00fc\u00dft. Unter den G\u00e4sten waren u.a. Herr Reiner Schomburg, Pr\u00e4sident des Kultursenats des Landes Sachsen-Anhalt, Frau Nina Ma\u0142achowska, Direktorin des Regionalb\u00fcros der Wojewodschaft Masowien in Br\u00fcssel, Herr Krzysztof Blau, Vorsitzender der Deutsch-Polnischen Gesellschaft Sachsen-Anhalt e. V, Frau Angelika Zander aus Kultusministerium Sachsen-Anhalt und Peter Schw\u00e4gele aus Landesvertretung Br\u00fcssel.\n<br><\/p>\n\n\n\n<p>Frydryk Chopin war wie kaum ein anderer polnischer K\u00fcnstler mit Warschau und der Region Masowien verbunden. Einige der wichtigsten Orte, die engen Bezug zu dem Komponisten haben, wurden in einer  Bilderausstellung gezeigt. Unter dem Titel <b>\u201eAuf den Spuren Chopins in Warschau und Masowien\u201c<\/b> waren Aufnahmen des in New York und Warschau lebenden Kunstfotografen und Journalisten Czeslaw Czaplinki zu sehen.  <br> <br> Einige <b>Bilder<\/b> von der Veranstaltung finden Sie <a href=\"https:\/\/get.google.com\/albumarchive\/111585898042411034789\/album\/AF1QipM620avDZtZln1_b2-KImdG5hTZ6GoTMwz007Gw\" target=\"_blank\" rel=\"noreferrer noopener\">hier<\/a>. <br> <br> Einen <b>Artikel<\/b> \u00fcber das Konzert k\u00f6nnen Sie <a title=\"Externer Link zu www.sachsen-anhalt.de\/index.php?id=48197 (Neues Fenster)\" rel=\"noopener noreferrer\" target=\"_blank\" href=\"http:\/\/www.sachsen-anhalt.de\/index.php?id=48197\">hier<\/a> lesen.<\/p>\n","protected":false},"excerpt":{"rendered":"<p>25.02.2011: Abschlusskonzert der Chopin \u2013 Tage in Sachsen \u2013 Anhalt fand am 24. Februar 2011 in der Landesvertretung Br\u00fcssel statt. Nach den erfolgreichen Veranstaltungen in Lutherstadt Eisleben, Salzwedel, in Sta\u00dffurt und Wiederstedt fanden die Chopin-Tage Sachsen-Anhalt am 24. Februar 2011 mit einem feierlichen Klavierkonzert in der Vertretung des Landes Sachsen \u2013 Anhalt bei der EU &hellip; <\/p>\n<p class=\"link-more\"><a href=\"https:\/\/www.dpg-sachsen-anhalt.de\/?p=1662\" class=\"more-link\"><span class=\"screen-reader-text\">\u201eAbschlusskonzert der Chopin &#8211; Tage in Sachsen \u2013 Anhalt\u201c<\/span> weiterlesen<\/a><\/p>\n","protected":false},"author":1,"featured_media":0,"comment_status":"closed","ping_status":"open","sticky":false,"template":"","format":"standard","meta":{"footnotes":""},"categories":[1],"tags":[],"class_list":["post-1662","post","type-post","status-publish","format-standard","hentry","category-allgemein"],"_links":{"self":[{"href":"https:\/\/www.dpg-sachsen-anhalt.de\/index.php?rest_route=\/wp\/v2\/posts\/1662","targetHints":{"allow":["GET"]}}],"collection":[{"href":"https:\/\/www.dpg-sachsen-anhalt.de\/index.php?rest_route=\/wp\/v2\/posts"}],"about":[{"href":"https:\/\/www.dpg-sachsen-anhalt.de\/index.php?rest_route=\/wp\/v2\/types\/post"}],"author":[{"embeddable":true,"href":"https:\/\/www.dpg-sachsen-anhalt.de\/index.php?rest_route=\/wp\/v2\/users\/1"}],"replies":[{"embeddable":true,"href":"https:\/\/www.dpg-sachsen-anhalt.de\/index.php?rest_route=%2Fwp%2Fv2%2Fcomments&post=1662"}],"version-history":[{"count":2,"href":"https:\/\/www.dpg-sachsen-anhalt.de\/index.php?rest_route=\/wp\/v2\/posts\/1662\/revisions"}],"predecessor-version":[{"id":2132,"href":"https:\/\/www.dpg-sachsen-anhalt.de\/index.php?rest_route=\/wp\/v2\/posts\/1662\/revisions\/2132"}],"wp:attachment":[{"href":"https:\/\/www.dpg-sachsen-anhalt.de\/index.php?rest_route=%2Fwp%2Fv2%2Fmedia&parent=1662"}],"wp:term":[{"taxonomy":"category","embeddable":true,"href":"https:\/\/www.dpg-sachsen-anhalt.de\/index.php?rest_route=%2Fwp%2Fv2%2Fcategories&post=1662"},{"taxonomy":"post_tag","embeddable":true,"href":"https:\/\/www.dpg-sachsen-anhalt.de\/index.php?rest_route=%2Fwp%2Fv2%2Ftags&post=1662"}],"curies":[{"name":"wp","href":"https:\/\/api.w.org\/{rel}","templated":true}]}}