{"id":469,"date":"2009-04-28T13:45:39","date_gmt":"2009-04-28T11:45:39","guid":{"rendered":"http:\/\/dpgsa.bplaced.net\/Wordpress\/wordpress\/?p=469"},"modified":"2020-08-18T16:22:42","modified_gmt":"2020-08-18T14:22:42","slug":"ausstellung-marschall-pilsudski-in-magdeburg-in-opole","status":"publish","type":"post","link":"https:\/\/www.dpg-sachsen-anhalt.de\/?p=469","title":{"rendered":"Ausstellung \u201eMarschall Pilsudski in Magdeburg\u201c in Opole"},"content":{"rendered":"\n<h4 class=\"wp-block-heading\">In Zusammenarbeit mit dem Marschallamt der Woiewodschaft Opolskie sowie der Universit\u00e4t Opole wurde am 28.04.2009 an dem Institut f\u00fcr Geschichte der Oppelner Universit\u00e4t die Ausstellung \u201eMarschall Pilsudski in Magdeburg\u201c er\u00f6ffnet.<\/h4>\n\n\n\n<p>Deutschland und Polen verbindet geschichtlich sehr viel miteinander, Negatives als auch sehr viel Positives. Speziell ist Magdeburg vielen Polen durch das \u201eMagdeburger Recht\u201c bekannt und dadurch, dass der sp\u00e4tere Staatspr\u00e4sident Polens Marschall Pilsudski von 1917 bis 1918 in der Zitadelle auf der Werder-Insel in Festungshaft sa\u00df.<\/p>\n\n\n\n<p><strong>Marschall Pilsudski<\/strong>&nbsp;als Gr\u00fcnder der II. Republik Polens geh\u00f6rt zu dem bedeutensten Politikern in der polnischen Geschichte und f\u00fchrt nach dem Zusammenbruch des Kommunismus das neue Geschichtsbild an.<\/p>\n\n\n\n<p>Anl\u00e4sslich des&nbsp;<strong>90. Jahrestages der Gr\u00fcndung der Republik Polen<\/strong>&nbsp;wurde durch die Deutsch-Polnische Gesellschaft die Ausstellung \u00fcber die Magdeburger Zitadelle und Marschall Pilsudski konzipiert und in Magdeburg am 11.11.2008 pr\u00e4sentiert.<\/p>\n\n\n\n<p>Die Resonanz der polnischen Medien auf diese Ausstellung in Magdeburg war sehr gro\u00df und positiv. Diese Tatsache und das gro\u00dfe Interesse polnischer St\u00e4dte und Institutionen an diesem Thema begr\u00fcndete auch die Idee der Pr\u00e4sentation dieser Ausstellung in Polen.&nbsp;<\/p>\n\n\n\n<div class=\"wp-block-image\"><figure class=\"alignright size-large\"><img decoding=\"async\" src=\"http:\/\/dpgsa.bplaced.net\/archiv\/www2.dpg-sachsen-anhalt.de\/uploads\/pic_4713077.jpg\" alt=\"\"\/><figcaption>Ausstellung \u201eMarschall Pilsudski in Magdeburg\u201c<\/figcaption><\/figure><\/div>\n\n\n\n<p>In Zusammenarbeit mit dem Marschallamt der Woiewodschaft Opolskie sowie der Universit\u00e4t Opole wurde am&nbsp;<strong>28.04.2009 an dem Institut f\u00fcr Geschichte der Oppelner Universit\u00e4t<\/strong>&nbsp;die Ausstellung \u201eMarschall Pilsudski in Magdeburg\u201c er\u00f6ffnet.<\/p>\n\n\n\n<p>Zahlreiche G\u00e4ste aus Deutschland und Polen, darunter auch eine Wirtschaftsdelegation der IHK Magdeburg, nahmen an dieser feierlichen Er\u00f6ffnung Teil. Die Delegation aus Magdeburg wurde durch den Marschall der Region Herrn Jozef Kotys sowie den Woiewoden Herrn Ryszard Wilczynski herzlich begr\u00fc\u00dft.&nbsp;<\/p>\n\n\n\n<p>In der Er\u00f6ffnungsrede sprach die Dekanin des historischen Instituts Frau Prof. Dr. Anna Pobog-Lenartowicz \u00fcber die Bedeutung der Stadt Magdeburg in den Jahrhunderten der deutsch-polnischen Beziehungen. Sie unterstrich, dass die Zeit der Festungshaft des Marschalls Pilsudski in der polnischen Geschichte positiv dargestellt wird. Die Gr\u00fcndung der II. Republik im Jahre 1918 wird unmittelbar mit der Entlassung des Marschalls durch die Preu\u00dfische Regierung verbunden.&nbsp;<\/p>\n\n\n\n<p>Diese historischen Zusammenh\u00e4nge geh\u00f6ren in Polen zum Allgemeinwissen und machen die Stadt Magdeburg zum Bestandteil der polnischen Geschichte.&nbsp;<\/p>\n\n\n\n<div class=\"wp-block-image\"><figure class=\"alignright size-large\"><img decoding=\"async\" src=\"http:\/\/dpgsa.bplaced.net\/archiv\/www2.dpg-sachsen-anhalt.de\/uploads\/pic_4713077_1.jpg\" alt=\"\"\/><figcaption>\u00dcberreichung des Gastgeschenkes<\/figcaption><\/figure><\/div>\n\n\n\n<p>Als Gastgeschenk \u00fcbereichte die Magdeburger Delegation an den Direktor des Gymnasiums Nr. 8 in Opole, das den Namen Jozef Pilsudski tr\u00e4gt, ein Model des Hauses, in dem Marschall Pilsudski in der Zeit von 1917 bis 1918 in der Magdeburger Zitadelle die Festungshaft verbachte.<\/p>\n\n\n\n<p>Im Anschluss an die feierliche Er\u00f6ffnungsveranstaltung wurde ein Workshop zum Thema Jozef Pilsudski und die neue polnische Geschichte unter Teilnahme zahlreicher G\u00e4ste und Studenten durchgef\u00fchrt.&nbsp;<\/p>\n\n\n\n<p>Die Ausstellung wurde bis Oktober 2009 an der Universit\u00e4t in Opole pr\u00e4sentiert und wurde zahlreich besucht.&nbsp;<\/p>\n\n\n\n<p>Krzysztof Blau&nbsp;<br>Vorsitzender DPG Sachsen &#8211; Anhalt e.V.<\/p>\n\n\n\n<p><a rel=\"noreferrer noopener\" aria-label=\" (\u00f6ffnet in neuem Tab)\" href=\"https:\/\/photos.google.com\/share\/AF1QipMH9ijAM-lRZ8dbmKBxei6SMu0ymSe0qBTyaSjyYg_j3lFY3iheYoV23fbPMj5JNw?key=eHRtcVRlMzRUckNLak4yTkR0UEg1NDhnOEVLWGFB\" target=\"_blank\">Hier einige Bilder der Ausstellung<\/a>:<\/p>\n\n\n\n<figure class=\"wp-block-gallery columns-3 is-cropped wp-block-gallery-1 is-layout-flex wp-block-gallery-is-layout-flex\"><ul class=\"blocks-gallery-grid\"><li class=\"blocks-gallery-item\"><figure><img loading=\"lazy\" decoding=\"async\" width=\"1024\" height=\"683\" src=\"https:\/\/www.dpg-sachsen-anhalt.de\/wp-content\/uploads\/IMG_3789-1-1024x683.jpg\" alt=\"\" data-id=\"2070\" data-full-url=\"https:\/\/www.dpg-sachsen-anhalt.de\/wp-content\/uploads\/IMG_3789-1.jpg\" data-link=\"https:\/\/www.dpg-sachsen-anhalt.de\/?attachment_id=2070\" class=\"wp-image-2070\" srcset=\"https:\/\/www.dpg-sachsen-anhalt.de\/wp-content\/uploads\/IMG_3789-1-1024x683.jpg 1024w, https:\/\/www.dpg-sachsen-anhalt.de\/wp-content\/uploads\/IMG_3789-1-300x200.jpg 300w, https:\/\/www.dpg-sachsen-anhalt.de\/wp-content\/uploads\/IMG_3789-1-150x100.jpg 150w, https:\/\/www.dpg-sachsen-anhalt.de\/wp-content\/uploads\/IMG_3789-1-768x512.jpg 768w, https:\/\/www.dpg-sachsen-anhalt.de\/wp-content\/uploads\/IMG_3789-1-1536x1024.jpg 1536w, https:\/\/www.dpg-sachsen-anhalt.de\/wp-content\/uploads\/IMG_3789-1.jpg 1600w\" sizes=\"auto, (max-width: 767px) 89vw, (max-width: 1000px) 54vw, (max-width: 1071px) 543px, 580px\" \/><\/figure><\/li><li class=\"blocks-gallery-item\"><figure><img loading=\"lazy\" decoding=\"async\" width=\"1024\" height=\"683\" src=\"https:\/\/www.dpg-sachsen-anhalt.de\/wp-content\/uploads\/IMG_3805-1-1024x683.jpg\" alt=\"\" data-id=\"2071\" data-full-url=\"https:\/\/www.dpg-sachsen-anhalt.de\/wp-content\/uploads\/IMG_3805-1.jpg\" data-link=\"https:\/\/www.dpg-sachsen-anhalt.de\/?attachment_id=2071\" class=\"wp-image-2071\" srcset=\"https:\/\/www.dpg-sachsen-anhalt.de\/wp-content\/uploads\/IMG_3805-1-1024x683.jpg 1024w, https:\/\/www.dpg-sachsen-anhalt.de\/wp-content\/uploads\/IMG_3805-1-300x200.jpg 300w, https:\/\/www.dpg-sachsen-anhalt.de\/wp-content\/uploads\/IMG_3805-1-150x100.jpg 150w, https:\/\/www.dpg-sachsen-anhalt.de\/wp-content\/uploads\/IMG_3805-1-768x512.jpg 768w, https:\/\/www.dpg-sachsen-anhalt.de\/wp-content\/uploads\/IMG_3805-1-1536x1024.jpg 1536w, https:\/\/www.dpg-sachsen-anhalt.de\/wp-content\/uploads\/IMG_3805-1.jpg 1600w\" sizes=\"auto, (max-width: 767px) 89vw, (max-width: 1000px) 54vw, (max-width: 1071px) 543px, 580px\" \/><\/figure><\/li><li class=\"blocks-gallery-item\"><figure><img loading=\"lazy\" decoding=\"async\" width=\"1024\" height=\"683\" src=\"https:\/\/www.dpg-sachsen-anhalt.de\/wp-content\/uploads\/IMG_3827-1-1024x683.jpg\" alt=\"\" data-id=\"2072\" data-full-url=\"https:\/\/www.dpg-sachsen-anhalt.de\/wp-content\/uploads\/IMG_3827-1.jpg\" data-link=\"https:\/\/www.dpg-sachsen-anhalt.de\/?attachment_id=2072\" class=\"wp-image-2072\" srcset=\"https:\/\/www.dpg-sachsen-anhalt.de\/wp-content\/uploads\/IMG_3827-1-1024x683.jpg 1024w, https:\/\/www.dpg-sachsen-anhalt.de\/wp-content\/uploads\/IMG_3827-1-300x200.jpg 300w, https:\/\/www.dpg-sachsen-anhalt.de\/wp-content\/uploads\/IMG_3827-1-150x100.jpg 150w, https:\/\/www.dpg-sachsen-anhalt.de\/wp-content\/uploads\/IMG_3827-1-768x512.jpg 768w, https:\/\/www.dpg-sachsen-anhalt.de\/wp-content\/uploads\/IMG_3827-1-1536x1024.jpg 1536w, https:\/\/www.dpg-sachsen-anhalt.de\/wp-content\/uploads\/IMG_3827-1.jpg 1600w\" sizes=\"auto, (max-width: 767px) 89vw, (max-width: 1000px) 54vw, (max-width: 1071px) 543px, 580px\" \/><\/figure><\/li><li class=\"blocks-gallery-item\"><figure><img loading=\"lazy\" decoding=\"async\" width=\"1024\" height=\"683\" src=\"https:\/\/www.dpg-sachsen-anhalt.de\/wp-content\/uploads\/IMG_3847-1-1024x683.jpg\" alt=\"\" data-id=\"2073\" data-full-url=\"https:\/\/www.dpg-sachsen-anhalt.de\/wp-content\/uploads\/IMG_3847-1.jpg\" data-link=\"https:\/\/www.dpg-sachsen-anhalt.de\/?attachment_id=2073\" class=\"wp-image-2073\" srcset=\"https:\/\/www.dpg-sachsen-anhalt.de\/wp-content\/uploads\/IMG_3847-1-1024x683.jpg 1024w, https:\/\/www.dpg-sachsen-anhalt.de\/wp-content\/uploads\/IMG_3847-1-300x200.jpg 300w, https:\/\/www.dpg-sachsen-anhalt.de\/wp-content\/uploads\/IMG_3847-1-150x100.jpg 150w, https:\/\/www.dpg-sachsen-anhalt.de\/wp-content\/uploads\/IMG_3847-1-768x512.jpg 768w, https:\/\/www.dpg-sachsen-anhalt.de\/wp-content\/uploads\/IMG_3847-1-1536x1024.jpg 1536w, https:\/\/www.dpg-sachsen-anhalt.de\/wp-content\/uploads\/IMG_3847-1.jpg 1600w\" sizes=\"auto, (max-width: 767px) 89vw, (max-width: 1000px) 54vw, (max-width: 1071px) 543px, 580px\" \/><\/figure><\/li><li class=\"blocks-gallery-item\"><figure><img loading=\"lazy\" decoding=\"async\" width=\"1024\" height=\"683\" src=\"https:\/\/www.dpg-sachsen-anhalt.de\/wp-content\/uploads\/IMG_3848-1-1024x683.jpg\" alt=\"\" data-id=\"2074\" data-full-url=\"https:\/\/www.dpg-sachsen-anhalt.de\/wp-content\/uploads\/IMG_3848-1.jpg\" data-link=\"https:\/\/www.dpg-sachsen-anhalt.de\/?attachment_id=2074\" class=\"wp-image-2074\" srcset=\"https:\/\/www.dpg-sachsen-anhalt.de\/wp-content\/uploads\/IMG_3848-1-1024x683.jpg 1024w, https:\/\/www.dpg-sachsen-anhalt.de\/wp-content\/uploads\/IMG_3848-1-300x200.jpg 300w, https:\/\/www.dpg-sachsen-anhalt.de\/wp-content\/uploads\/IMG_3848-1-150x100.jpg 150w, https:\/\/www.dpg-sachsen-anhalt.de\/wp-content\/uploads\/IMG_3848-1-768x512.jpg 768w, https:\/\/www.dpg-sachsen-anhalt.de\/wp-content\/uploads\/IMG_3848-1-1536x1024.jpg 1536w, https:\/\/www.dpg-sachsen-anhalt.de\/wp-content\/uploads\/IMG_3848-1.jpg 1600w\" sizes=\"auto, (max-width: 767px) 89vw, (max-width: 1000px) 54vw, (max-width: 1071px) 543px, 580px\" \/><\/figure><\/li><li class=\"blocks-gallery-item\"><figure><img loading=\"lazy\" decoding=\"async\" width=\"1024\" height=\"683\" src=\"https:\/\/www.dpg-sachsen-anhalt.de\/wp-content\/uploads\/IMG_3855-1-1024x683.jpg\" alt=\"\" data-id=\"2075\" data-full-url=\"https:\/\/www.dpg-sachsen-anhalt.de\/wp-content\/uploads\/IMG_3855-1.jpg\" data-link=\"https:\/\/www.dpg-sachsen-anhalt.de\/?attachment_id=2075\" class=\"wp-image-2075\" srcset=\"https:\/\/www.dpg-sachsen-anhalt.de\/wp-content\/uploads\/IMG_3855-1-1024x683.jpg 1024w, https:\/\/www.dpg-sachsen-anhalt.de\/wp-content\/uploads\/IMG_3855-1-300x200.jpg 300w, https:\/\/www.dpg-sachsen-anhalt.de\/wp-content\/uploads\/IMG_3855-1-150x100.jpg 150w, https:\/\/www.dpg-sachsen-anhalt.de\/wp-content\/uploads\/IMG_3855-1-768x512.jpg 768w, https:\/\/www.dpg-sachsen-anhalt.de\/wp-content\/uploads\/IMG_3855-1-1536x1024.jpg 1536w, https:\/\/www.dpg-sachsen-anhalt.de\/wp-content\/uploads\/IMG_3855-1.jpg 1600w\" sizes=\"auto, (max-width: 767px) 89vw, (max-width: 1000px) 54vw, (max-width: 1071px) 543px, 580px\" \/><\/figure><\/li><li class=\"blocks-gallery-item\"><figure><img loading=\"lazy\" decoding=\"async\" width=\"1024\" height=\"683\" src=\"https:\/\/www.dpg-sachsen-anhalt.de\/wp-content\/uploads\/IMG_3864-1-1024x683.jpg\" alt=\"\" data-id=\"2076\" data-full-url=\"https:\/\/www.dpg-sachsen-anhalt.de\/wp-content\/uploads\/IMG_3864-1.jpg\" data-link=\"https:\/\/www.dpg-sachsen-anhalt.de\/?attachment_id=2076\" class=\"wp-image-2076\" srcset=\"https:\/\/www.dpg-sachsen-anhalt.de\/wp-content\/uploads\/IMG_3864-1-1024x683.jpg 1024w, https:\/\/www.dpg-sachsen-anhalt.de\/wp-content\/uploads\/IMG_3864-1-300x200.jpg 300w, https:\/\/www.dpg-sachsen-anhalt.de\/wp-content\/uploads\/IMG_3864-1-150x100.jpg 150w, https:\/\/www.dpg-sachsen-anhalt.de\/wp-content\/uploads\/IMG_3864-1-768x512.jpg 768w, https:\/\/www.dpg-sachsen-anhalt.de\/wp-content\/uploads\/IMG_3864-1-1536x1024.jpg 1536w, https:\/\/www.dpg-sachsen-anhalt.de\/wp-content\/uploads\/IMG_3864-1.jpg 1600w\" sizes=\"auto, (max-width: 767px) 89vw, (max-width: 1000px) 54vw, (max-width: 1071px) 543px, 580px\" \/><\/figure><\/li><\/ul><\/figure>\n","protected":false},"excerpt":{"rendered":"<p>In Zusammenarbeit mit dem Marschallamt der Woiewodschaft Opolskie sowie der Universit\u00e4t Opole wurde am 28.04.2009 an dem Institut f\u00fcr Geschichte der Oppelner Universit\u00e4t die Ausstellung \u201eMarschall Pilsudski in Magdeburg\u201c er\u00f6ffnet. Deutschland und Polen verbindet geschichtlich sehr viel miteinander, Negatives als auch sehr viel Positives. Speziell ist Magdeburg vielen Polen durch das \u201eMagdeburger Recht\u201c bekannt und &hellip; <\/p>\n<p class=\"link-more\"><a href=\"https:\/\/www.dpg-sachsen-anhalt.de\/?p=469\" class=\"more-link\"><span class=\"screen-reader-text\">\u201eAusstellung \u201eMarschall Pilsudski in Magdeburg\u201c in Opole\u201c<\/span> weiterlesen<\/a><\/p>\n","protected":false},"author":1,"featured_media":471,"comment_status":"closed","ping_status":"closed","sticky":false,"template":"","format":"standard","meta":{"footnotes":""},"categories":[27,31],"tags":[],"class_list":["post-469","post","type-post","status-publish","format-standard","has-post-thumbnail","hentry","category-marschall-pilsudski-projekte-de","category-projekte-de"],"_links":{"self":[{"href":"https:\/\/www.dpg-sachsen-anhalt.de\/index.php?rest_route=\/wp\/v2\/posts\/469","targetHints":{"allow":["GET"]}}],"collection":[{"href":"https:\/\/www.dpg-sachsen-anhalt.de\/index.php?rest_route=\/wp\/v2\/posts"}],"about":[{"href":"https:\/\/www.dpg-sachsen-anhalt.de\/index.php?rest_route=\/wp\/v2\/types\/post"}],"author":[{"embeddable":true,"href":"https:\/\/www.dpg-sachsen-anhalt.de\/index.php?rest_route=\/wp\/v2\/users\/1"}],"replies":[{"embeddable":true,"href":"https:\/\/www.dpg-sachsen-anhalt.de\/index.php?rest_route=%2Fwp%2Fv2%2Fcomments&post=469"}],"version-history":[{"count":7,"href":"https:\/\/www.dpg-sachsen-anhalt.de\/index.php?rest_route=\/wp\/v2\/posts\/469\/revisions"}],"predecessor-version":[{"id":2131,"href":"https:\/\/www.dpg-sachsen-anhalt.de\/index.php?rest_route=\/wp\/v2\/posts\/469\/revisions\/2131"}],"wp:featuredmedia":[{"embeddable":true,"href":"https:\/\/www.dpg-sachsen-anhalt.de\/index.php?rest_route=\/wp\/v2\/media\/471"}],"wp:attachment":[{"href":"https:\/\/www.dpg-sachsen-anhalt.de\/index.php?rest_route=%2Fwp%2Fv2%2Fmedia&parent=469"}],"wp:term":[{"taxonomy":"category","embeddable":true,"href":"https:\/\/www.dpg-sachsen-anhalt.de\/index.php?rest_route=%2Fwp%2Fv2%2Fcategories&post=469"},{"taxonomy":"post_tag","embeddable":true,"href":"https:\/\/www.dpg-sachsen-anhalt.de\/index.php?rest_route=%2Fwp%2Fv2%2Ftags&post=469"}],"curies":[{"name":"wp","href":"https:\/\/api.w.org\/{rel}","templated":true}]}}